{"id":14035,"date":"2022-02-16T15:09:06","date_gmt":"2022-02-16T14:09:06","guid":{"rendered":"http:\/\/actfestival.com\/masterclasses\/"},"modified":"2022-02-16T15:09:06","modified_gmt":"2022-02-16T14:09:06","slug":"masterclasses","status":"publish","type":"post","link":"https:\/\/actfestival.com\/en\/masterclasses\/","title":{"rendered":"Masterclasses"},"content":{"rendered":"<h2 style=\"text-align: center;\"><span style=\"color: #d86701;\"><span style=\"color: #aa0601;\">ACT FESTIVAL 2019 MAY-MAIATZA-MAYO 29 &#8211; 1 JUNE- EKAINA-JUNIO<\/span><br \/>\n<\/span><\/h2>\n<pre style=\"text-align: center;\"><span style=\"color: #aa0601;\"><strong>30 OSTEGUNA - THURSDAY - JUEVES\nTEATRO BARAKALDO <\/strong><\/span><span style=\"color: #aa0601;\"><strong>09:00\nMASTERCLASS - 30\u20ac<\/strong><\/span><\/pre>\n<p style=\"text-align: center;\"><span style=\"color: #aa0601;\"><strong>Kamera eta gorputza &#8211; Camera and body &#8211; C\u00e1mara y cuerpo<br \/>\n<\/strong><\/span><\/p>\n<p style=\"text-align: center;\"><span style=\"color: #000000;\">Sra. Polaroiska \/ Euskal Herria \/ 4h<br \/>\n<\/span><strong>\u00a0<\/strong><\/p>\n<p style=\"text-align: center;\">Sra. Polaroiska aims to work using the camera and the body in search of other ways to try and understand our surroundings; approaching a subject, hovering around it, and defining certain rules for the game. Creating a laboratory where letting things get out of control, where living on the margins, on the edge, where curiosity, desire and the possibility that everything can be different, can become reality.<\/p>\n<pre style=\"text-align: center;\"><strong><a href=\"mailto:actpress@bai-bai.net\" target=\"_blank\" rel=\"noopener\">SIGN UP<\/a><\/strong><\/pre>\n<p style=\"text-align: center;\"><a ref=\"magnificPopup\" href=\"http:\/\/bai-bai.net\/act\/wp-content\/uploads\/2019\/04\/sra.polaroiska.jpg\" rel=\"attachment wp-att-4209\"><img loading=\"lazy\" decoding=\"async\" class=\"alignnone size-full wp-image-4209\" src=\"http:\/\/bai-bai.net\/act\/wp-content\/uploads\/2019\/04\/sra.polaroiska.jpg\" alt=\"sra.polaroiska\" width=\"1363\" height=\"625\" \/><\/a><\/p>\n<p style=\"text-align: center;\"><strong>Sra. Polaroiska (Alaitz Arenzana &amp; Mar\u00eda Ibarretxe). Colectivo de artes esc\u00e9nicas y visuales.<\/strong><\/p>\n<p style=\"text-align: center;\">Premio Gure Artea 2017, Mejor actividad creativa del Gobierno vasco. Premio Injuve (Ministerio de Cultura de Espa\u00f1a), Primer Premio Certamen Coreogr\u00e1fico de Madrid, entre otros. Su trabajo se exhibe en numerosos festivales internacionales y centros de arte como el Museo Reina Sof\u00eda, el Museo Guggenheim, el Instituto Cervantes de Estocolmo y Manchester, Nuit Blanche Par\u00eds, STUK B\u00e9lgica, el Festival EINCE M\u00e9xico, el Castillo Ujazdowski Polonia, SeMa Storage South Korea, etc.<\/p>\n<pre style=\"text-align: center;\"><span style=\"color: #aa0601;\"><strong>31 OSTIRALA - FRIDAY - VIERNES \nTEATRO BARAKALDO <\/strong><\/span><span style=\"color: #aa0601;\"><strong>09:00\nMASTERCLASS - 30\u20ac<\/strong><\/span><\/pre>\n<p style=\"text-align: center;\"><strong><span style=\"color: #aa0601;\">Alquimistas de la escena<\/span><\/strong><span style=\"color: #aa0601;\"><strong><br \/>\n<\/strong><\/span><\/p>\n<p style=\"text-align: center;\"><span style=\"color: #000000;\">Ricardo Iniesta \/ Andaluc\u00eda \/ 4h<\/span><\/p>\n<p style=\"text-align: center;\">The actor\/actress has a dilemma before him\/her, or s\/he lets be led by the director&#8217;s hand and becomes a brushstroke that s\/he gives on the canvas of the show, or else s\/he poses as another creator, together with the author and the director who invents a material that the latter sculpts and introduces into the assembly. The actor-sculptor has before her\/him the challenge of investigating, of finding the philosopher&#8217;s stone, as an alchemist of the scene.<\/p>\n<pre style=\"text-align: center;\"><strong><a href=\"mailto:actpress@bai-bai.net\" target=\"_blank\" rel=\"noopener\">SIGN UP (Sold out)<\/a><\/strong><\/pre>\n<p style=\"text-align: center;\"><a ref=\"magnificPopup\" href=\"http:\/\/bai-bai.net\/act\/wp-content\/uploads\/2019\/04\/Ricardo-Iniesta.jpg\" rel=\"attachment wp-att-4243\"><img loading=\"lazy\" decoding=\"async\" class=\"alignnone wp-image-4243\" src=\"http:\/\/bai-bai.net\/act\/wp-content\/uploads\/2019\/04\/Ricardo-Iniesta.jpg\" alt=\"Ricardo Iniesta\" width=\"486\" height=\"687\" \/><\/a><\/p>\n<p style=\"text-align: center;\">Proveniente de Madrid, tras una primera experiencia en el \u201cteatro de agit-prop\u201d durante el Franquismo con el grupo universitario La Guada\u00f1a, Ricardo Iniesta estuvo al frente de Lejan\u00eda Teatro desde 1979, funda en Sevilla (1983) ATALAYA, con quien ha dirigido todos sus espect\u00e1culos. Idea y\u00a0crea en 1994 Territorio de Nuevos Tiempos (TNT), primer centro de investigaci\u00f3n, pedagog\u00eda y producci\u00f3n teatral de car\u00e1cter privado en Andaluc\u00eda. Ambos han sido incluidos en la incipiente Red de Laboratorios Teatrales de Europa que agrupa en el Programa de la Uni\u00f3n Europea <em>LABORATORIOS TEATRALES EUROPEOS COMO INNOVADORES CULTURALES<\/em> a otros cuatro centros y compa\u00f1\u00edas teatrales: Odin Teatret (Dinamarca), Teatre du Soleil (Francia), Grotowski Center (Polonia) y TTB (Italia).<\/p>\n<p>&nbsp;<\/p>\n<pre style=\"text-align: center;\"><span style=\"color: #aa0601;\"><strong>\u00a0<\/strong><\/span><\/pre>\n<pre style=\"text-align: center;\"><span style=\"color: #aa0601;\"><strong>MAY 30, 31 - JUNE, 1 \n<\/strong><\/span><span style=\"color: #aa0601;\"><strong>MENTORING <\/strong><\/span>\n<\/pre>\n<p style=\"text-align: center;\"><span style=\"color: #aa0601;\"><strong>Mentoring breakfasts 121 for ACT companies<br \/>\n<\/strong><\/span><\/p>\n<p style=\"text-align: center;\"><span style=\"color: #000000;\">Steve Purcell \/ UK<br \/>\n<\/span><\/p>\n<p style=\"text-align: center;\">Steve Purcell is professor in Leeds Beckett University and freelance producer.<\/p>\n<p style=\"text-align: center;\">Mentoring meetings of the companies participating in ACT 2019 with professor and producer Steve Purcell in a 121 breakfast.<\/p>\n<p>&nbsp;<\/p>\n","protected":false},"excerpt":{"rendered":"<p>ACT FESTIVAL 2019 MAY-MAIATZA-MAYO 29 &#8211; 1 JUNE- EKAINA-JUNIO 30 OSTEGUNA &#8211; THURSDAY &#8211; JUEVES TEATRO BARAKALDO 09:00 MASTERCLASS &#8211; 30\u20ac Kamera eta gorputza &#8211; Camera and body &#8211; C\u00e1mara y cuerpo Sra. Polaroiska \/ Euskal Herria \/ 4h \u00a0 Sra. Polaroiska aims to work using the camera and the body in search of other&#8230;<\/p>\n","protected":false},"author":2,"featured_media":0,"comment_status":"open","ping_status":"open","sticky":false,"template":"","format":"standard","meta":{"_acf_changed":false,"footnotes":""},"categories":[],"tags":[],"class_list":["post-14035","post","type-post","status-publish","format-standard","hentry"],"acf":[],"_links":{"self":[{"href":"https:\/\/actfestival.com\/en\/wp-json\/wp\/v2\/posts\/14035","targetHints":{"allow":["GET"]}}],"collection":[{"href":"https:\/\/actfestival.com\/en\/wp-json\/wp\/v2\/posts"}],"about":[{"href":"https:\/\/actfestival.com\/en\/wp-json\/wp\/v2\/types\/post"}],"author":[{"embeddable":true,"href":"https:\/\/actfestival.com\/en\/wp-json\/wp\/v2\/users\/2"}],"replies":[{"embeddable":true,"href":"https:\/\/actfestival.com\/en\/wp-json\/wp\/v2\/comments?post=14035"}],"version-history":[{"count":0,"href":"https:\/\/actfestival.com\/en\/wp-json\/wp\/v2\/posts\/14035\/revisions"}],"wp:attachment":[{"href":"https:\/\/actfestival.com\/en\/wp-json\/wp\/v2\/media?parent=14035"}],"wp:term":[{"taxonomy":"category","embeddable":true,"href":"https:\/\/actfestival.com\/en\/wp-json\/wp\/v2\/categories?post=14035"},{"taxonomy":"post_tag","embeddable":true,"href":"https:\/\/actfestival.com\/en\/wp-json\/wp\/v2\/tags?post=14035"}],"curies":[{"name":"wp","href":"https:\/\/api.w.org\/{rel}","templated":true}]}}