{"id":13958,"date":"2022-02-16T15:02:53","date_gmt":"2022-02-16T14:02:53","guid":{"rendered":"http:\/\/actfestival.com\/masterclasses-masterklassak-act-2019\/"},"modified":"2022-02-16T15:02:53","modified_gmt":"2022-02-16T14:02:53","slug":"masterclasses-masterklassak-act-2019","status":"publish","type":"post","link":"https:\/\/actfestival.com\/eu\/masterclasses-masterklassak-act-2019\/","title":{"rendered":"Masterclasses &#8211; Masterklassak ACT 2019"},"content":{"rendered":"<h2 style=\"text-align: center;\"><span style=\"color: #d86701;\"><span style=\"color: #aa0601;\">ACT FESTIVAL 2019 MAY-MAIATZA-MAYO 29 &#8211; 1 JUNE- EKAINA-JUNIO<\/span><br \/>\n<\/span><\/h2>\n<pre style=\"text-align: center;\"><span style=\"color: #aa0601;\"><strong>30 OSTEGUNA - THURSDAY - JUEVES\nTEATRO BARAKALDO <\/strong><\/span><span style=\"color: #aa0601;\"><strong>09:00\nMASTERCLASS - 30\u20ac<\/strong><\/span><\/pre>\n<p style=\"text-align: center;\"><span style=\"color: #aa0601;\"><strong>Kamera eta gorputza &#8211; Camera and body &#8211; C\u00e1mara y cuerpo<br \/>\n<\/strong><\/span><\/p>\n<p style=\"text-align: center;\"><span style=\"color: #000000;\">Sra. Polaroiska \/ Euskal Herria \/ 4h<\/span><strong>\u00a0<\/strong><\/p>\n<p style=\"text-align: center;\">Sra Polaroiska-ren helburua kamera eta gorputzarekin lan egitea da gure ingurunea ulertzen saiatzeko beste modu batzuk bilatzeko;subjektuarengana\u00a0 hurbidu, inguruan mugitu eta jokoaren arauak zehaztu. Gauzak kontroletik kanpo uzteko laborategia sortu\u00a0\u00a0, bazterrean bizi, mugatik hurbil, non jakin-mina, desira eta dena desberdina izateko aukera errealitate bihurtuko diren.<\/p>\n<pre style=\"text-align: center;\"><strong><a href=\"mailto:actpress@bai-bai.net\" target=\"_blank\" rel=\"noopener\">EMAN IZENA\n<\/a>\n<\/strong><\/pre>\n<pre><a ref=\"magnificPopup\" href=\"http:\/\/bai-bai.net\/act\/wp-content\/uploads\/2019\/04\/sra.polaroiska.jpg\" rel=\"attachment wp-att-4209\"><img loading=\"lazy\" decoding=\"async\" class=\"alignnone size-full wp-image-4209\" src=\"http:\/\/bai-bai.net\/act\/wp-content\/uploads\/2019\/04\/sra.polaroiska.jpg\" alt=\"sra.polaroiska\" width=\"1363\" height=\"625\" \/><\/a><\/pre>\n<p style=\"text-align: center;\"><strong>Sra. Polaroiska (Alaitz Arenzana &amp; Mar\u00eda Ibarretxe). Colectivo de artes esc\u00e9nicas y visuales.<\/strong><\/p>\n<p style=\"text-align: center;\">Premio Gure Artea 2017, Mejor actividad creativa del Gobierno vasco. Premio Injuve (Ministerio de Cultura de Espa\u00f1a), Primer Premio Certamen Coreogr\u00e1fico de Madrid, entre otros. Su trabajo se exhibe en numerosos festivales internacionales y centros de arte como el Museo Reina Sof\u00eda, el Museo Guggenheim, el Instituto Cervantes de Estocolmo y Manchester, Nuit Blanche Par\u00eds, STUK B\u00e9lgica, el Festival EINCE M\u00e9xico, el Castillo Ujazdowski Polonia, SeMa Storage South Korea, etc.<\/p>\n<pre style=\"text-align: center;\"><span style=\"color: #aa0601;\"><strong>31 OSTIRALA - FRIDAY - VIERNES \nTEATRO BARAKALDO <\/strong><\/span><span style=\"color: #aa0601;\"><strong>09:00\nMASTERCLASS - 30\u20ac<\/strong><\/span><\/pre>\n<p style=\"text-align: center;\"><strong><span style=\"color: #aa0601;\">Alquimistas de la escena <\/span><\/strong><\/p>\n<p style=\"text-align: center;\"><span style=\"color: #000000;\">Ricardo Iniesta \/ Andaluc\u00eda \/ 4h<\/span><\/p>\n<div dir=\"ltr\" style=\"text-align: center;\">Aktoreak dilema du aurrean, edo zuzendariaren eskutik doa eta ikuskizuneko mihise gainean haren pintzelkada bihurtzen da, edo bestela sortzaile gisa\u00a0 aurkezten du bere burua, autorea eta\u00a0 zuzendariarekin batera. azken honek muntaian\u00a0 txertatuko duelarik materialea. Aktore-eskultoreak aurrean du filosofoaren harria aurkitzeko eszena ikertzeko erronka.<\/div>\n<div dir=\"ltr\" style=\"text-align: center;\">\n<pre style=\"text-align: center;\"><strong><a href=\"mailto:actpress@bai-bai.net\" target=\"_blank\" rel=\"noopener\">EMAN IZENA (Beteta)<\/a><\/strong><\/pre>\n<\/div>\n<p style=\"text-align: center;\"><a ref=\"magnificPopup\" href=\"http:\/\/bai-bai.net\/act\/wp-content\/uploads\/2019\/04\/Ricardo-Iniesta.jpg\" rel=\"attachment wp-att-4243\"><img loading=\"lazy\" decoding=\"async\" class=\"alignnone wp-image-4243\" src=\"http:\/\/bai-bai.net\/act\/wp-content\/uploads\/2019\/04\/Ricardo-Iniesta.jpg\" alt=\"Ricardo Iniesta\" width=\"486\" height=\"687\" \/><\/a><\/p>\n<p style=\"text-align: center;\">Proveniente de Madrid, tras una primera experiencia en el \u201cteatro de agit-prop\u201d durante el Franquismo con el grupo universitario La Guada\u00f1a, Ricardo Iniesta estuvo al frente de Lejan\u00eda Teatro desde 1979, funda en Sevilla (1983) ATALAYA, con quien ha dirigido todos sus espect\u00e1culos. Idea y\u00a0crea en 1994 Territorio de Nuevos Tiempos (TNT), primer centro de investigaci\u00f3n, pedagog\u00eda y producci\u00f3n teatral de car\u00e1cter privado en Andaluc\u00eda. Ambos han sido incluidos en la incipiente Red de Laboratorios Teatrales de Europa que agrupa en el Programa de la Uni\u00f3n Europea <em>LABORATORIOS TEATRALES EUROPEOS COMO INNOVADORES CULTURALES<\/em> a otros cuatro centros y compa\u00f1\u00edas teatrales: Odin Teatret (Dinamarca), Teatre du Soleil (Francia), Grotowski Center (Polonia) y TTB (Italia).<span style=\"color: #aa0601;\"><strong><br \/>\n<\/strong><\/span><\/p>\n<p>&nbsp;<\/p>\n<pre style=\"text-align: center;\"><span style=\"color: #aa0601;\"><strong>MAY 30, 31 - JUNE, 1 \n<\/strong><\/span><span style=\"color: #aa0601;\"><strong>MENTORING <\/strong><\/span>\n<\/pre>\n<p style=\"text-align: center;\"><span style=\"color: #aa0601;\"><strong>Mentoring breakfasts 121 with ACT companies<br \/>\n<\/strong><\/span><\/p>\n<p style=\"text-align: center;\"><span style=\"color: #000000;\">Steve Purcell \/ UK<br \/>\n<\/span><\/p>\n<p style=\"text-align: center;\">Steve Purcell Leeds Beckett unibertsitateko irakaslea eta ekoizle independiente da.<\/p>\n<p style=\"text-align: center;\">ACT 2019an parte hartutako konpainien 1 eta 1eko aholkularitza topaketak Steve Purcell irakasle eta ekoizlearekin<\/p>\n<p><span style=\"color: #222222; font-family: Arial, Helvetica, sans-serif; font-size: small;\">\u00a0<\/span><\/p>\n","protected":false},"excerpt":{"rendered":"<p>ACT FESTIVAL 2019 MAY-MAIATZA-MAYO 29 &#8211; 1 JUNE- EKAINA-JUNIO 30 OSTEGUNA &#8211; THURSDAY &#8211; JUEVES TEATRO BARAKALDO 09:00 MASTERCLASS &#8211; 30\u20ac Kamera eta gorputza &#8211; Camera and body &#8211; C\u00e1mara y cuerpo Sra. Polaroiska \/ Euskal Herria \/ 4h\u00a0 Sra Polaroiska-ren helburua kamera eta gorputzarekin lan egitea da gure ingurunea ulertzen saiatzeko beste modu batzuk&#8230;<\/p>\n","protected":false},"author":2,"featured_media":0,"comment_status":"open","ping_status":"open","sticky":false,"template":"","format":"standard","meta":{"_acf_changed":false,"footnotes":""},"categories":[],"tags":[],"class_list":["post-13958","post","type-post","status-publish","format-standard","hentry"],"acf":[],"_links":{"self":[{"href":"https:\/\/actfestival.com\/eu\/wp-json\/wp\/v2\/posts\/13958","targetHints":{"allow":["GET"]}}],"collection":[{"href":"https:\/\/actfestival.com\/eu\/wp-json\/wp\/v2\/posts"}],"about":[{"href":"https:\/\/actfestival.com\/eu\/wp-json\/wp\/v2\/types\/post"}],"author":[{"embeddable":true,"href":"https:\/\/actfestival.com\/eu\/wp-json\/wp\/v2\/users\/2"}],"replies":[{"embeddable":true,"href":"https:\/\/actfestival.com\/eu\/wp-json\/wp\/v2\/comments?post=13958"}],"version-history":[{"count":0,"href":"https:\/\/actfestival.com\/eu\/wp-json\/wp\/v2\/posts\/13958\/revisions"}],"wp:attachment":[{"href":"https:\/\/actfestival.com\/eu\/wp-json\/wp\/v2\/media?parent=13958"}],"wp:term":[{"taxonomy":"category","embeddable":true,"href":"https:\/\/actfestival.com\/eu\/wp-json\/wp\/v2\/categories?post=13958"},{"taxonomy":"post_tag","embeddable":true,"href":"https:\/\/actfestival.com\/eu\/wp-json\/wp\/v2\/tags?post=13958"}],"curies":[{"name":"wp","href":"https:\/\/api.w.org\/{rel}","templated":true}]}}